{"id":1868,"date":"2018-02-15T11:00:25","date_gmt":"2018-02-15T10:00:25","guid":{"rendered":"http:\/\/www.prodisle.com\/blog\/?p=1868"},"modified":"2019-07-12T09:58:43","modified_gmt":"2019-07-12T08:58:43","slug":"formacion-en-la-empresa-2018","status":"publish","type":"post","link":"https:\/\/prodisle.com\/blog\/2018\/02\/15\/formacion-en-la-empresa-2018\/","title":{"rendered":"3 tendencias que cambiar\u00e1n la formaci\u00f3n en la empresa en 2018"},"content":{"rendered":"<img loading=\"lazy\" class=\"\" src=\"http:\/\/www.prodisle.com\/blog\/wp-content\/uploads\/2018\/02\/formacion-en-la-empresa.jpg\" alt=\"Formaci\u00f3n en la empresa\" width=\"590\" height=\"300\" \/>\n<h2>\u00bfC\u00f3mo ser\u00e1 la formaci\u00f3n en la empresa en 2018?<\/h2>\n<p>La <strong>formaci\u00f3n en la empresa<\/strong> es uno de los factores m\u00e1s importantes que trabajadores y directivos deben tener en cuenta si quieren tener \u00e9xito en su sector, mantener a la competencia a raya y, en definitiva, no quedarse obsoletos.<\/p>\n<p>Todo parece indicar que <strong>2018 ser\u00e1 un a\u00f1o realmente interesante,<\/strong> con el surgimiento de nuevas tendencias tecnol\u00f3gicas y el afianzamiento de otras que han surgido en a\u00f1os anteriores.<\/p>\n<p>Y seg\u00fan los expertos, solo estamos viendo la punta del iceberg. \u00a1Vienen a\u00f1os muy intensos para los <strong><a href=\"http:\/\/www.prodisle.com\/blog\/4-grandes-retos-para-los-directivos-de-empresas-en-2018\">directivos y gerentes de empresas<\/a>!<\/strong><\/p>\n<ol>\n<li><strong>Enfoque multidimensional del aprendizaje.<\/strong> Como ya se\u00f1alamos en art\u00edculos anteriores, en las empresas actuales conviven <a href=\"http:\/\/www.prodisle.com\/blog\/trabajadores-de-mas-de-40-anos\">trabajadores veteranos<\/a> con millennials que tienen otras prioridades y otras formas de hacer y entender el trabajo. Por no mencionar a la Generaci\u00f3n X, la Generaci\u00f3n Z\u2026 todos ellos deben continuar recibiendo formaci\u00f3n, y este es un aut\u00e9ntico reto que los profesionales del aprendizaje no pueden obviar.<\/li>\n<li><strong>Pulir los puntos d\u00e9biles para que todos hablemos el mismo lenguaje.<\/strong> La hiperespecializaci\u00f3n es la norma hoy en d\u00eda, pero ya no bastante solo con eso. Es imprescindible que todos los departamentos de la empresa est\u00e9n en comunicaci\u00f3n constante, y para ello cada uno debe entender el \u201clenguaje\u201d del otro. La formaci\u00f3n cruzada es la soluci\u00f3n, y cada vez ser\u00e1 m\u00e1s importante.<\/li>\n<li><strong>Formaci\u00f3n a trav\u00e9s de dispositivos m\u00f3viles.<\/strong> Los trabajadores no solo deben poder formarse, sino que adem\u00e1s deben poder hacerlo desde cualquier sitio. En 2018 esto ya no puede ser solo una posibilidad, sino que sencillamente es necesario. Y a medida que tecnolog\u00edas como la realidad aumentada y la realidad virtual progresen, estas tendencias se reforzar\u00e1n a\u00fan m\u00e1s.<\/li>\n<\/ol>\n<p>Por supuesto, aqu\u00ed hablamos de<strong> tendencias generales<\/strong> que pueden aplicarse a cualquier empresa, pero no son las \u00fanicas, ni mucho menos. Los directivos deber\u00e1n <strong>estudiar cuidadosamente su sector de negocio<\/strong> para detectar las necesidades y tendencias espec\u00edficas que existan en materia de formaci\u00f3n en la empresa para 2018 y a\u00f1os posteriores.<\/p>\n<p>Esperar no es una opci\u00f3n. La <strong>formaci\u00f3n y la innovaci\u00f3n<\/strong> pueden marcar la diferencia entre <a href=\"http:\/\/www.prodisle.com\/blog\/como-saber-si-mi-negocio-esta-listo-para-crecer\">un negocio de \u00e9xito<\/a> y uno abocado al fracaso.<\/p>\n<p>En <strong>Prodisle<\/strong> estamos <strong>especializados en seguros para negocios<\/strong> como el tuyo. Nuestro trabajo consiste en aportarte tranquilidad para centrarte en lo que de verdad importa: llevar tu negocio al \u00e9xito. Podemos aconsejarte sobre la mejor forma de blindar tu empresa frente a cualquier amenaza. \u00bfPor qu\u00e9 dejarlo en manos del azar?<\/p>\n<p><strong>Contacta ahora con Prodisle<\/strong> en el <strong>944 219 617<\/strong> o escr\u00edbenos a <strong><a href=\"mailto:info@prodisle.com\">info@prodisle.com<\/a> <\/strong>y te enviaremos un consultor que te explicar\u00e1 todo lo que necesites saber sin ning\u00fan tipo de compromiso.<\/p>\n<a href=\"http:\/\/prodisle.com\/contacta\"><img loading=\"lazy\" class=\"\" src=\"http:\/\/www.prodisle.com\/blog\/wp-content\/uploads\/2017\/02\/banner-Prodisle-BLOG-grande.jpg\" alt=\"Prodisle Seguros de empresa\" width=\"651\" height=\"288\" \/><\/a>\n","protected":false},"excerpt":{"rendered":"<p>\u00bfC\u00f3mo ser\u00e1 la formaci\u00f3n en la empresa en 2018? La formaci\u00f3n en la empresa es uno de los factores m\u00e1s importantes que trabajadores y directivos [&hellip;] <a href=\"https:\/\/prodisle.com\/blog\/2018\/02\/15\/formacion-en-la-empresa-2018\/\">Read more<\/a><\/p>\n","protected":false},"author":3,"featured_media":1872,"comment_status":"open","ping_status":"open","sticky":false,"template":"","format":"standard","meta":[],"categories":[9],"tags":[82,72,81],"yoast_head":"<!-- This site is optimized with the Yoast SEO plugin v15.2.1 - https:\/\/yoast.com\/wordpress\/plugins\/seo\/ -->\n<meta name=\"description\" content=\"\u00bfC\u00f3mo ser\u00e1 la formaci\u00f3n en la empresa en 2018? Estas 3 tendencias lo cambiar\u00e1n todo, as\u00ed que deber\u00edas tenerlas muy en cuenta en tu negocio.\" \/>\n<meta name=\"robots\" content=\"noindex, follow, max-snippet:-1, max-image-preview:large, max-video-preview:-1\" \/>\n<meta property=\"og:locale\" content=\"es_ES\" \/>\n<meta property=\"og:type\" content=\"article\" \/>\n<meta property=\"og:title\" content=\"3 tendencias que cambiar\u00e1n la formaci\u00f3n en la empresa en 2018\" \/>\n<meta property=\"og:description\" content=\"\u00bfC\u00f3mo ser\u00e1 la formaci\u00f3n en la empresa en 2018? Estas 3 tendencias lo cambiar\u00e1n todo, as\u00ed que deber\u00edas tenerlas muy en cuenta en tu negocio.\" \/>\n<meta property=\"og:url\" content=\"https:\/\/prodisle.com\/blog\/2018\/02\/15\/formacion-en-la-empresa-2018\/\" \/>\n<meta property=\"og:site_name\" content=\"Blog Prodisle\" \/>\n<meta property=\"article:published_time\" content=\"2018-02-15T10:00:25+00:00\" \/>\n<meta property=\"article:modified_time\" content=\"2019-07-12T08:58:43+00:00\" \/>\n<meta property=\"og:image\" content=\"http:\/\/www.prodisle.com\/blog\/wp-content\/uploads\/2018\/02\/formacion-en-la-empresa.jpg\" \/>\n<meta name=\"twitter:card\" content=\"summary_large_image\" \/>\n<meta name=\"twitter:title\" content=\"3 tendencias que cambiar\u00e1n la formaci\u00f3n en la empresa en 2018\" \/>\n<meta name=\"twitter:description\" content=\"\u00bfC\u00f3mo ser\u00e1 la formaci\u00f3n en la empresa en 2018? Estas 3 tendencias lo cambiar\u00e1n todo, as\u00ed que deber\u00edas tenerlas muy en cuenta en tu negocio.\" \/>\n<meta name=\"twitter:image\" content=\"http:\/\/www.prodisle.com\/blog\/wp-content\/uploads\/2018\/02\/formacion-en-la-empresa.jpg\" \/>\n<script type=\"application\/ld+json\" class=\"yoast-schema-graph\">{\"@context\":\"https:\/\/schema.org\",\"@graph\":[{\"@type\":\"WebSite\",\"@id\":\"https:\/\/prodisle.com\/blog\/#website\",\"url\":\"https:\/\/prodisle.com\/blog\/\",\"name\":\"Blog Prodisle\",\"description\":\"Otro sitio realizado con WordPress\",\"potentialAction\":[{\"@type\":\"SearchAction\",\"target\":\"https:\/\/prodisle.com\/blog\/?s={search_term_string}\",\"query-input\":\"required name=search_term_string\"}],\"inLanguage\":\"es\"},{\"@type\":\"ImageObject\",\"@id\":\"https:\/\/prodisle.com\/blog\/2018\/02\/15\/formacion-en-la-empresa-2018\/#primaryimage\",\"inLanguage\":\"es\",\"url\":\"https:\/\/prodisle.com\/blog\/wp-content\/uploads\/2018\/02\/formacion-en-la-empresa-1.jpg\",\"width\":220,\"height\":110,\"caption\":\"Formaci\\u00f3n en la empresa\"},{\"@type\":\"WebPage\",\"@id\":\"https:\/\/prodisle.com\/blog\/2018\/02\/15\/formacion-en-la-empresa-2018\/#webpage\",\"url\":\"https:\/\/prodisle.com\/blog\/2018\/02\/15\/formacion-en-la-empresa-2018\/\",\"name\":\"3 tendencias que cambiar\\u00e1n la formaci\\u00f3n en la empresa en 2018\",\"isPartOf\":{\"@id\":\"https:\/\/prodisle.com\/blog\/#website\"},\"primaryImageOfPage\":{\"@id\":\"https:\/\/prodisle.com\/blog\/2018\/02\/15\/formacion-en-la-empresa-2018\/#primaryimage\"},\"datePublished\":\"2018-02-15T10:00:25+00:00\",\"dateModified\":\"2019-07-12T08:58:43+00:00\",\"author\":{\"@id\":\"\"},\"description\":\"\\u00bfC\\u00f3mo ser\\u00e1 la formaci\\u00f3n en la empresa en 2018? Estas 3 tendencias lo cambiar\\u00e1n todo, as\\u00ed que deber\\u00edas tenerlas muy en cuenta en tu negocio.\",\"inLanguage\":\"es\",\"potentialAction\":[{\"@type\":\"ReadAction\",\"target\":[\"https:\/\/prodisle.com\/blog\/2018\/02\/15\/formacion-en-la-empresa-2018\/\"]}]},{\"@type\":\"Person\",\"@id\":\"\"}]}<\/script>\n<!-- \/ Yoast SEO plugin. -->","_links":{"self":[{"href":"https:\/\/prodisle.com\/blog\/wp-json\/wp\/v2\/posts\/1868"}],"collection":[{"href":"https:\/\/prodisle.com\/blog\/wp-json\/wp\/v2\/posts"}],"about":[{"href":"https:\/\/prodisle.com\/blog\/wp-json\/wp\/v2\/types\/post"}],"author":[{"embeddable":true,"href":"https:\/\/prodisle.com\/blog\/wp-json\/wp\/v2\/users\/3"}],"replies":[{"embeddable":true,"href":"https:\/\/prodisle.com\/blog\/wp-json\/wp\/v2\/comments?post=1868"}],"version-history":[{"count":3,"href":"https:\/\/prodisle.com\/blog\/wp-json\/wp\/v2\/posts\/1868\/revisions"}],"predecessor-version":[{"id":1882,"href":"https:\/\/prodisle.com\/blog\/wp-json\/wp\/v2\/posts\/1868\/revisions\/1882"}],"wp:featuredmedia":[{"embeddable":true,"href":"https:\/\/prodisle.com\/blog\/wp-json\/wp\/v2\/media\/1872"}],"wp:attachment":[{"href":"https:\/\/prodisle.com\/blog\/wp-json\/wp\/v2\/media?parent=1868"}],"wp:term":[{"taxonomy":"category","embeddable":true,"href":"https:\/\/prodisle.com\/blog\/wp-json\/wp\/v2\/categories?post=1868"},{"taxonomy":"post_tag","embeddable":true,"href":"https:\/\/prodisle.com\/blog\/wp-json\/wp\/v2\/tags?post=1868"}],"curies":[{"name":"wp","href":"https:\/\/api.w.org\/{rel}","templated":true}]}}